{"id":208,"date":"2009-02-23T21:36:57","date_gmt":"2009-02-23T18:36:57","guid":{"rendered":"https:\/\/mykonos24.com\/2009\/02\/23\/ftelia-beach\/"},"modified":"2009-02-23T21:36:57","modified_gmt":"2009-02-23T18:36:57","slug":"ftelia-beach","status":"publish","type":"post","link":"https:\/\/mykonos24.com\/pl\/mykonos-beaches\/mykonos-beaches-mykonos-beaches\/ftelia-beach\/","title":{"rendered":"Pla\u017ca Ftelia"},"content":{"rendered":"<p><img decoding=\"async\" title=\"Mykonos ftelia beach\" src=\"http:\/\/www.mykonos24.com\/images\/stories\/Beaches\/Ftelia-Beach.jpg\" alt=\"Mykonos ftelia beach\" width=\"100\" height=\"80\" align=\"bottom\" border=\"0\" \/>\u00a0\u00a0\u00a0\u00a0 Ftelia to du\u017ca malownicza pla\u017ca w p\u00f3\u0142nocnej cz\u0119\u015bci wyspy Mykonos. Nie jest zorganizowana z parasolami i le\u017cakami ze wzgl\u0119du na silne wiatry, kt\u00f3re wiej\u0105 do...<\/p>\n<p><!--more--><\/p>\n<table border=\"0\" width=\"450\" align=\"center\">\n<tbody>\n<tr>\n<td bgcolor=\"#a9a5ef\" width=\"152\">Odleg\u0142o\u015b\u0107 od Mykonos:<\/td>\n<td align=\"right\" bgcolor=\"#a9a5ef\" width=\"145\"><strong>9 km<\/strong><\/td>\n<td rowspan=\"6\" width=\"6\">\u00a0<\/td>\n<td rowspan=\"6\" valign=\"top\" width=\"129\">\n<div align=\"justify\">Ftelia to du\u017ca malownicza pla\u017ca w p\u00f3\u0142nocnej cz\u0119\u015bci wyspy Mykonos.Nie jest zorganizowana z parasolami i le\u017cakami ze wzgl\u0119du na silne wiatry, kt\u00f3re wiej\u0105 w tym regionie.Wiatry te<\/div>\n<\/td>\n<\/tr>\n<tr bgcolor=\"#a9a5ef\">\n<td>Poprzednia pla\u017ca:<\/td>\n<td align=\"right\"><a>pla\u017ca Panormos<\/a> 7 <span class=\"style3\"> Km<\/span><\/td>\n<\/tr>\n<tr bgcolor=\"#a9a5ef\">\n<td bgcolor=\"#a9a5ef\">Nast\u0119pna pla\u017ca:<\/td>\n<td align=\"right\"><a href=\"https:\/\/mykonos24.com\/pl\/kalo-livadi-beach\/\">Kalo Livadi <\/a> 5, 5 km<\/td>\n<\/tr>\n<tr bgcolor=\"#a9a5ef\">\n<td>Odleg\u0142o\u015b\u0107 od lotniska:<\/td>\n<td align=\"right\"><strong>10 km<\/strong><\/td>\n<\/tr>\n<tr bgcolor=\"#a9a5ef\">\n<td>Najbli\u017cszy Super Market:<\/td>\n<td align=\"right\"><strong>W wiosce Ano Mera<\/strong><\/td>\n<\/tr>\n<tr bgcolor=\"#a9a5ef\">\n<td height=\"21\">Najbli\u017csza restauracja:<\/td>\n<td align=\"right\"><strong>Na pla\u017cy<\/strong><\/td>\n<\/tr>\n<tr>\n<td colspan=\"4\" height=\"9\">\n<p align=\"justify\">Co roku odbywaj\u0105 si\u0119 tu wy\u015bcigi, w kt\u00f3rych bior\u0105 udzia\u0142 uczestnicy z wielu kraj\u00f3w.<br \/> W okolicy pla\u017cy Ftelia nie ma wielu dom\u00f3w i o\u015brodk\u00f3w wypoczynkowych. Dzi\u0119ki temu ca\u0142y obszar daje silne poczucie wolno\u015bci.<\/p>\n<\/td>\n<\/tr>\n<tr>\n<td colspan=\"4\">\n<div align=\"center\"><object width=\"370\" height=\"300\" classid=\"clsid:d27cdb6e-ae6d-11cf-96b8-444553540000\" codebase=\"http:\/\/download.macromedia.com\/pub\/shockwave\/cabs\/flash\/swflash.cab#version=6,0,40,0\" align=\"middle\"><param value=\"410\" name=\"width\" \/><param value=\"300\" name=\"height\" \/><param value=\"#ffffff\" name=\"bgcolor\" \/><param value=\"middle\" name=\"align\" \/><param value=\"sameDomain\" name=\"allowscriptaccess\" \/><param value=\"high\" name=\"quality\" \/><param value=\".\" name=\"base\" \/><param value=\"true\" name=\"allowfullscreen\" \/><param value=\"http:\/\/www.mykonos-live.com\/SlideShowProFotos\/FteliaFotos\/FteliaFotos.swf\" name=\"src\" \/><embed width=\"370\" height=\"300\" align=\"middle\" src=\"http:\/\/www.mykonos-live.com\/SlideShowProFotos\/FteliaFotos\/FteliaFotos.swf\" allowfullscreen=\"allowfullscreen\" base=\".\" quality=\"high\" allowscriptaccess=\"sameDomain\" bgcolor=\"#ffffff\" type=\"application\/x-shockwave-flash\" \/><\/object><\/div>\n<\/td>\n<\/tr>\n<tr>\n<td colspan=\"4\" height=\"10\">\u00a0<\/td>\n<\/tr>\n<\/tbody>\n<\/table>\n<p>\u00a0<\/p>\n<div id=\"OKAYFREEDOM_INJECTED\" style=\"display: none;\">\u00a0<\/div>","protected":false},"excerpt":{"rendered":"<p>\u00a0\u00a0\u00a0\u00a0 Ftelia to du\u017ca malownicza pla\u017ca w p\u00f3\u0142nocnej cz\u0119\u015bci wyspy Mykonos. Nie jest zorganizowana z parasolami i le\u017cakami ze wzgl\u0119du na silne wiatry, kt\u00f3re wiej\u0105 do...<\/p>","protected":false},"author":1,"featured_media":0,"comment_status":"open","ping_status":"open","sticky":false,"template":"","format":"standard","meta":{"om_disable_all_campaigns":false,"_monsterinsights_skip_tracking":false,"_monsterinsights_sitenote_active":false,"_monsterinsights_sitenote_note":"","_monsterinsights_sitenote_category":0,"_rtcl_gb_attr":"","footnotes":""},"categories":[30],"tags":[121,144,191,99,176],"class_list":["post-208","post","type-post","status-publish","format-standard","hentry","category-mykonos-beaches-mykonos-beaches","tag-beach","tag-ftelia","tag-ftelia-beach","tag-mykonos","tag-windsurfing"],"aioseo_notices":[],"_links":{"self":[{"href":"https:\/\/mykonos24.com\/pl\/wp-json\/wp\/v2\/posts\/208","targetHints":{"allow":["GET"]}}],"collection":[{"href":"https:\/\/mykonos24.com\/pl\/wp-json\/wp\/v2\/posts"}],"about":[{"href":"https:\/\/mykonos24.com\/pl\/wp-json\/wp\/v2\/types\/post"}],"author":[{"embeddable":true,"href":"https:\/\/mykonos24.com\/pl\/wp-json\/wp\/v2\/users\/1"}],"replies":[{"embeddable":true,"href":"https:\/\/mykonos24.com\/pl\/wp-json\/wp\/v2\/comments?post=208"}],"version-history":[{"count":0,"href":"https:\/\/mykonos24.com\/pl\/wp-json\/wp\/v2\/posts\/208\/revisions"}],"wp:attachment":[{"href":"https:\/\/mykonos24.com\/pl\/wp-json\/wp\/v2\/media?parent=208"}],"wp:term":[{"taxonomy":"category","embeddable":true,"href":"https:\/\/mykonos24.com\/pl\/wp-json\/wp\/v2\/categories?post=208"},{"taxonomy":"post_tag","embeddable":true,"href":"https:\/\/mykonos24.com\/pl\/wp-json\/wp\/v2\/tags?post=208"}],"curies":[{"name":"wp","href":"https:\/\/api.w.org\/{rel}","templated":true}]}}